{"id":2002,"date":"2017-12-11T16:09:14","date_gmt":"2017-12-11T15:09:14","guid":{"rendered":"http:\/\/scout.fse.it\/coccinelle\/?p=2002"},"modified":"2017-12-11T16:09:14","modified_gmt":"2017-12-11T15:09:14","slug":"tempo-di-attesa-tempo-di-avvento","status":"publish","type":"post","link":"https:\/\/scout.fse.it\/coccinelle\/tempo-di-attesa-tempo-di-avvento\/","title":{"rendered":"Tempo di attesa&#8230; tempo di avvento!"},"content":{"rendered":"<p>\t\t\t\t<img loading=\"lazy\" decoding=\"async\" class=\"alignleft size-medium wp-image-2003\" src=\"https:\/\/scout.fse.it\/coccinelle\/wp-content\/uploads\/2017\/12\/avvento-199x300.jpg\" alt=\"\" width=\"199\" height=\"300\" \/>Carissime,<br \/>\n\u00e8 iniziato un tempo speciale per tutti noi: quello <strong>dell\u2019Avvento, tempo di attesa, di preghiera e preparazione.<\/strong><br \/>\nCome ha detto Papa Francesco<\/p>\n<blockquote><p>\u201cL\u2019Avvento \u00e8 il tempo che ci \u00e8 dato per accogliere il Signore che ci viene incontro, anche per verificare il nostro desiderio di Dio, per guardare avanti e prepararci al ritorno di Cristo.\u201d<\/p><\/blockquote>\n<p>Nelle strade, nei negozi, nelle case fervono i preparativi ma dobbiamo vigilare perch\u00e9 la preparazione non sia sono formale ma avvenga realmente, nei nostri cuori.<\/p>\n<p>E\u2019 facile farsi prendere dalla frenesia della quotidianit\u00e0, dalle cose da fare o dalle preoccupazioni e dimenticare che, invece, quello che stiamo vivendo \u00e8 un tempo particolare che la Chiesa ci segnala perch\u00e9 il nostro cuore sia libero da tutto e possa accogliere Ges\u00f9 che nasce.<br \/>\nIl nostro augurio, quindi, \u00e8 quello che <strong>voi e le Coccinelle possiate vivere questo tempo con questo spirito e riuscendo a ritagliarvi del tempo per voi e per il Signore.<\/strong><br \/>\nSempre come dice Papa Francesco<\/p>\n<blockquote><p>\u201cLa Vergine Maria ha vissuto in pienezza questa realt\u00e0, lasciandosi \u201cbattezzare\u201d dallo Spirito Santo che l\u2019ha inondata della sua potenza.<\/p><\/blockquote>\n<p>Ella, che ha preparato la venuta del Cristo con la totalit\u00e0 della sua esistenza, ci aiuti a seguire il suo esempio e guidi i nostri passi incontro al Signore che viene\u201d: possa essere davvero cos\u00ec per tutti noi!<br \/>\nQuesto \u00e8 il nostro augurio per voi, care Capo, per le Coccinelle, i vostri Assistenti e le vostre famiglie, per un Santo tempo di Avvento e di Natale!<br \/>\nAuguri!<\/p>\n<p style=\"text-align: center;\"><em>Cristina e Padre Peter<\/em><br \/>\n<em>E la Pattuglia Nazionale Coccinelle<\/em><\/p>\n","protected":false},"excerpt":{"rendered":"<p>Carissime, \u00e8 iniziato un tempo speciale per tutti noi: quello dell\u2019Avvento, tempo di attesa, di preghiera e preparazione. Come ha detto Papa Francesco \u201cL\u2019Avvento \u00e8 il tempo che ci \u00e8 dato per accogliere il Signore che ci viene incontro, anche per verificare il nostro desiderio di Dio, per guardare avanti e prepararci al ritorno di [&hellip;]<\/p>\n","protected":false},"author":2,"featured_media":0,"comment_status":"closed","ping_status":"open","sticky":false,"template":"","format":"standard","meta":{"_et_pb_use_builder":"","_et_pb_old_content":"","_et_gb_content_width":"","footnotes":""},"categories":[716],"tags":[],"class_list":["post-2002","post","type-post","status-publish","format-standard","hentry","category-voliamo-insieme"],"_links":{"self":[{"href":"https:\/\/scout.fse.it\/coccinelle\/wp-json\/wp\/v2\/posts\/2002","targetHints":{"allow":["GET"]}}],"collection":[{"href":"https:\/\/scout.fse.it\/coccinelle\/wp-json\/wp\/v2\/posts"}],"about":[{"href":"https:\/\/scout.fse.it\/coccinelle\/wp-json\/wp\/v2\/types\/post"}],"author":[{"embeddable":true,"href":"https:\/\/scout.fse.it\/coccinelle\/wp-json\/wp\/v2\/users\/2"}],"replies":[{"embeddable":true,"href":"https:\/\/scout.fse.it\/coccinelle\/wp-json\/wp\/v2\/comments?post=2002"}],"version-history":[{"count":0,"href":"https:\/\/scout.fse.it\/coccinelle\/wp-json\/wp\/v2\/posts\/2002\/revisions"}],"wp:attachment":[{"href":"https:\/\/scout.fse.it\/coccinelle\/wp-json\/wp\/v2\/media?parent=2002"}],"wp:term":[{"taxonomy":"category","embeddable":true,"href":"https:\/\/scout.fse.it\/coccinelle\/wp-json\/wp\/v2\/categories?post=2002"},{"taxonomy":"post_tag","embeddable":true,"href":"https:\/\/scout.fse.it\/coccinelle\/wp-json\/wp\/v2\/tags?post=2002"}],"curies":[{"name":"wp","href":"https:\/\/api.w.org\/{rel}","templated":true}]}}